{"id":698,"date":"2026-01-28T22:05:55","date_gmt":"2026-01-28T21:05:55","guid":{"rendered":"https:\/\/vdvphotographics.com\/?p=698"},"modified":"2026-01-28T22:14:59","modified_gmt":"2026-01-28T21:14:59","slug":"forgotten-memories-3","status":"publish","type":"post","link":"https:\/\/vdvphotographics.com\/fr\/photo-series\/forgotten-memories-3\/","title":{"rendered":"Forgotten Memories #3"},"content":{"rendered":"\n<p>&#8230;une exp\u00e9rience d\u2019introspection hivernale, de po\u00e9sie dans le quotidien et de la douce force que la nature nous r\u00e9v\u00e8le toujours. La lumi\u00e8re chuchotante refl\u00e8te la beaut\u00e9 fragile des instants souvent ignor\u00e9s, rappelant le silence porteur de sens profond.<\/p>\n\n\n\n<figure class=\"wp-block-image size-large\"><img loading=\"lazy\" decoding=\"async\" width=\"1024\" height=\"1024\" src=\"https:\/\/vdvphotographics.com\/wp-content\/uploads\/2026\/01\/Website1-1024x1024.jpg\" alt=\"\" class=\"wp-image-693\" srcset=\"https:\/\/vdvphotographics.com\/wp-content\/uploads\/2026\/01\/Website1-1024x1024.jpg 1024w, https:\/\/vdvphotographics.com\/wp-content\/uploads\/2026\/01\/Website1-300x300.jpg 300w, https:\/\/vdvphotographics.com\/wp-content\/uploads\/2026\/01\/Website1-150x150.jpg 150w, https:\/\/vdvphotographics.com\/wp-content\/uploads\/2026\/01\/Website1-768x768.jpg 768w, https:\/\/vdvphotographics.com\/wp-content\/uploads\/2026\/01\/Website1.jpg 1400w\" sizes=\"auto, (max-width: 1024px) 100vw, 1024px\" \/><\/figure>\n\n\n\n<figure class=\"wp-block-image size-large\"><img loading=\"lazy\" decoding=\"async\" width=\"1024\" height=\"1024\" src=\"https:\/\/vdvphotographics.com\/wp-content\/uploads\/2026\/01\/Website2-1024x1024.jpg\" alt=\"\" class=\"wp-image-694\" srcset=\"https:\/\/vdvphotographics.com\/wp-content\/uploads\/2026\/01\/Website2-1024x1024.jpg 1024w, https:\/\/vdvphotographics.com\/wp-content\/uploads\/2026\/01\/Website2-300x300.jpg 300w, https:\/\/vdvphotographics.com\/wp-content\/uploads\/2026\/01\/Website2-150x150.jpg 150w, https:\/\/vdvphotographics.com\/wp-content\/uploads\/2026\/01\/Website2-768x768.jpg 768w, https:\/\/vdvphotographics.com\/wp-content\/uploads\/2026\/01\/Website2.jpg 1400w\" sizes=\"auto, (max-width: 1024px) 100vw, 1024px\" \/><\/figure>\n","protected":false},"excerpt":{"rendered":"<p>&#8230;une exp\u00e9rience d\u2019introspection hivernale, de po\u00e9sie dans le quotidien et de la douce force que la nature nous r\u00e9v\u00e8le toujours. La lumi\u00e8re chuchotante refl\u00e8te la beaut\u00e9 fragile des instants souvent ignor\u00e9s, rappelant le silence porteur de sens profond.<\/p>\n","protected":false},"author":2,"featured_media":692,"comment_status":"closed","ping_status":"closed","sticky":false,"template":"","format":"standard","meta":{"_locale":"fr_FR","_original_post":"https:\/\/vdvphotographics.com\/?p=691","footnotes":""},"categories":[6],"tags":[],"class_list":["post-698","post","type-post","status-publish","format-standard","has-post-thumbnail","hentry","category-photo-series","fr-FR"],"_links":{"self":[{"href":"https:\/\/vdvphotographics.com\/wp-json\/wp\/v2\/posts\/698","targetHints":{"allow":["GET"]}}],"collection":[{"href":"https:\/\/vdvphotographics.com\/wp-json\/wp\/v2\/posts"}],"about":[{"href":"https:\/\/vdvphotographics.com\/wp-json\/wp\/v2\/types\/post"}],"author":[{"embeddable":true,"href":"https:\/\/vdvphotographics.com\/wp-json\/wp\/v2\/users\/2"}],"replies":[{"embeddable":true,"href":"https:\/\/vdvphotographics.com\/wp-json\/wp\/v2\/comments?post=698"}],"version-history":[{"count":3,"href":"https:\/\/vdvphotographics.com\/wp-json\/wp\/v2\/posts\/698\/revisions"}],"predecessor-version":[{"id":706,"href":"https:\/\/vdvphotographics.com\/wp-json\/wp\/v2\/posts\/698\/revisions\/706"}],"wp:featuredmedia":[{"embeddable":true,"href":"https:\/\/vdvphotographics.com\/wp-json\/wp\/v2\/media\/692"}],"wp:attachment":[{"href":"https:\/\/vdvphotographics.com\/wp-json\/wp\/v2\/media?parent=698"}],"wp:term":[{"taxonomy":"category","embeddable":true,"href":"https:\/\/vdvphotographics.com\/wp-json\/wp\/v2\/categories?post=698"},{"taxonomy":"post_tag","embeddable":true,"href":"https:\/\/vdvphotographics.com\/wp-json\/wp\/v2\/tags?post=698"}],"curies":[{"name":"wp","href":"https:\/\/api.w.org\/{rel}","templated":true}]}}