{"id":314,"date":"2024-10-25T14:00:35","date_gmt":"2024-10-25T12:00:35","guid":{"rendered":"https:\/\/vdvphotographics.com\/?p=314"},"modified":"2025-07-23T12:14:30","modified_gmt":"2025-07-23T10:14:30","slug":"transcendental-geometries","status":"publish","type":"post","link":"https:\/\/vdvphotographics.com\/fr\/photo-series\/transcendental-geometries\/","title":{"rendered":"Transcendental Geometries"},"content":{"rendered":"\n<p><\/p>\n\n\n\n<p>Dans la photographie abstraite, des formes \u00e9mergent des profondeurs de l&rsquo;imagination. Leurs contours s&rsquo;estompent dans l&rsquo;infini de la lumi\u00e8re et de l&rsquo;ombre, cr\u00e9ant une symphonie silencieuse de perfection g\u00e9om\u00e9trique et de contemplation philosophique.<br>Dans \u00ab\u00a0G\u00e9om\u00e9tries Transcendantales\u00a0\u00bb, les fronti\u00e8res entre mati\u00e8re et id\u00e9e, r\u00e9alit\u00e9 et r\u00eave s&rsquo;estompent. Ces formes, les \u00e9l\u00e9ments constitutifs des math\u00e9matiques, invitent le spectateur \u00e0 regarder plus profond\u00e9ment et \u00e0 d\u00e9couvrir l&rsquo;intrins\u00e8que symbolique.<\/p>\n\n\n\n<p><strong>\u00ab\u00a0Cube du Silence\u00a0\u00bb<\/strong> : Un cube, captur\u00e9 dans un jeu de lumi\u00e8re et d&rsquo;ombre, sugg\u00e8re une r\u00e9alit\u00e9 multidimensionnelle qui d\u00e9passe notre compr\u00e9hension. La perfection des six faces refl\u00e8te l&rsquo;illusion de stabilit\u00e9 dans un monde impr\u00e9visible. Le cube symbolise le silence des questions sans r\u00e9ponse, le calme de l&rsquo;inconnu et l&rsquo;introspection de la r\u00e9flexion int\u00e9rieure.<br><strong>\u00ab\u00a0Boule de l&rsquo;Infini\u00a0\u00bb<\/strong> : Dans une boule parfaite, l&rsquo;infini se manifeste comme une m\u00e9taphore de l&rsquo;univers et de la qu\u00eate humaine de compl\u00e9tude. Tout ce qui existe est interconnect\u00e9 dans une danse cosmique. C&rsquo;est un continuum sans limites, une promesse de possibilit\u00e9s \u00e9ternelles.<br>\u00ab\u00a0<strong>C\u00f4ne du Temps<\/strong>\u00a0\u00bb : Le c\u00f4ne repr\u00e9sente le flux irr\u00e9versible du temps. Il capture l&rsquo;essence du progr\u00e8s et le passage in\u00e9vitable des moments comme une all\u00e9gorie visuelle du voyage humain \u00e0 travers l&rsquo;existence.<\/p>\n\n\n\n<figure class=\"wp-block-image size-large\"><img loading=\"lazy\" decoding=\"async\" width=\"1024\" height=\"682\" src=\"https:\/\/vdvphotographics.com\/wp-content\/uploads\/2024\/09\/Kubus1-1024x682.jpg\" alt=\"\" class=\"wp-image-17\" srcset=\"https:\/\/vdvphotographics.com\/wp-content\/uploads\/2024\/09\/Kubus1-1024x682.jpg 1024w, https:\/\/vdvphotographics.com\/wp-content\/uploads\/2024\/09\/Kubus1-300x200.jpg 300w, https:\/\/vdvphotographics.com\/wp-content\/uploads\/2024\/09\/Kubus1-768x511.jpg 768w, https:\/\/vdvphotographics.com\/wp-content\/uploads\/2024\/09\/Kubus1.jpg 1400w\" sizes=\"auto, (max-width: 1024px) 100vw, 1024px\" \/><\/figure>\n\n\n\n<figure class=\"wp-block-image size-large\"><img loading=\"lazy\" decoding=\"async\" width=\"1024\" height=\"658\" src=\"https:\/\/vdvphotographics.com\/wp-content\/uploads\/2024\/09\/Kubus4-1024x658.jpg\" alt=\"\" class=\"wp-image-21\" srcset=\"https:\/\/vdvphotographics.com\/wp-content\/uploads\/2024\/09\/Kubus4-1024x658.jpg 1024w, https:\/\/vdvphotographics.com\/wp-content\/uploads\/2024\/09\/Kubus4-300x193.jpg 300w, https:\/\/vdvphotographics.com\/wp-content\/uploads\/2024\/09\/Kubus4-768x493.jpg 768w, https:\/\/vdvphotographics.com\/wp-content\/uploads\/2024\/09\/Kubus4.jpg 1400w\" sizes=\"auto, (max-width: 1024px) 100vw, 1024px\" \/><\/figure>\n\n\n\n<figure class=\"wp-block-image size-large\"><img loading=\"lazy\" decoding=\"async\" width=\"1024\" height=\"682\" src=\"https:\/\/vdvphotographics.com\/wp-content\/uploads\/2024\/09\/Kubus6-1024x682.jpg\" alt=\"\" class=\"wp-image-22\" srcset=\"https:\/\/vdvphotographics.com\/wp-content\/uploads\/2024\/09\/Kubus6-1024x682.jpg 1024w, https:\/\/vdvphotographics.com\/wp-content\/uploads\/2024\/09\/Kubus6-300x200.jpg 300w, https:\/\/vdvphotographics.com\/wp-content\/uploads\/2024\/09\/Kubus6-768x511.jpg 768w, https:\/\/vdvphotographics.com\/wp-content\/uploads\/2024\/09\/Kubus6.jpg 1400w\" sizes=\"auto, (max-width: 1024px) 100vw, 1024px\" \/><\/figure>\n\n\n\n<figure class=\"wp-block-image size-large\"><img loading=\"lazy\" decoding=\"async\" width=\"1024\" height=\"669\" src=\"https:\/\/vdvphotographics.com\/wp-content\/uploads\/2024\/10\/Transcendental-Geometries8-1024x669.jpg\" alt=\"\" class=\"wp-image-497\" srcset=\"https:\/\/vdvphotographics.com\/wp-content\/uploads\/2024\/10\/Transcendental-Geometries8-1024x669.jpg 1024w, https:\/\/vdvphotographics.com\/wp-content\/uploads\/2024\/10\/Transcendental-Geometries8-300x196.jpg 300w, https:\/\/vdvphotographics.com\/wp-content\/uploads\/2024\/10\/Transcendental-Geometries8-768x501.jpg 768w, https:\/\/vdvphotographics.com\/wp-content\/uploads\/2024\/10\/Transcendental-Geometries8.jpg 1400w\" sizes=\"auto, (max-width: 1024px) 100vw, 1024px\" \/><\/figure>\n\n\n\n<figure class=\"wp-block-image size-large\"><img loading=\"lazy\" decoding=\"async\" width=\"1024\" height=\"671\" src=\"https:\/\/vdvphotographics.com\/wp-content\/uploads\/2024\/09\/Kubus7-1024x671.jpg\" alt=\"\" class=\"wp-image-23\" srcset=\"https:\/\/vdvphotographics.com\/wp-content\/uploads\/2024\/09\/Kubus7-1024x671.jpg 1024w, https:\/\/vdvphotographics.com\/wp-content\/uploads\/2024\/09\/Kubus7-300x197.jpg 300w, https:\/\/vdvphotographics.com\/wp-content\/uploads\/2024\/09\/Kubus7-768x504.jpg 768w, https:\/\/vdvphotographics.com\/wp-content\/uploads\/2024\/09\/Kubus7.jpg 1400w\" sizes=\"auto, (max-width: 1024px) 100vw, 1024px\" \/><\/figure>\n","protected":false},"excerpt":{"rendered":"<p>Dans la photographie abstraite, des formes \u00e9mergent des profondeurs de l&rsquo;imagination. Leurs contours s&rsquo;estompent dans l&rsquo;infini de la lumi\u00e8re et de l&rsquo;ombre, cr\u00e9ant une symphonie silencieuse de perfection g\u00e9om\u00e9trique et de contemplation philosophique.Dans \u00ab\u00a0G\u00e9om\u00e9tries Transcendantales\u00a0\u00bb, les fronti\u00e8res entre mati\u00e8re et id\u00e9e, r\u00e9alit\u00e9 et r\u00eave s&rsquo;estompent. Ces formes, les \u00e9l\u00e9ments constitutifs des math\u00e9matiques, invitent le spectateur [&hellip;]<\/p>\n","protected":false},"author":2,"featured_media":19,"comment_status":"closed","ping_status":"closed","sticky":false,"template":"","format":"standard","meta":{"_locale":"fr_FR","_original_post":"https:\/\/vdvphotographics.com\/?p=16","footnotes":""},"categories":[6],"tags":[],"class_list":["post-314","post","type-post","status-publish","format-standard","has-post-thumbnail","hentry","category-photo-series","fr-FR"],"_links":{"self":[{"href":"https:\/\/vdvphotographics.com\/wp-json\/wp\/v2\/posts\/314","targetHints":{"allow":["GET"]}}],"collection":[{"href":"https:\/\/vdvphotographics.com\/wp-json\/wp\/v2\/posts"}],"about":[{"href":"https:\/\/vdvphotographics.com\/wp-json\/wp\/v2\/types\/post"}],"author":[{"embeddable":true,"href":"https:\/\/vdvphotographics.com\/wp-json\/wp\/v2\/users\/2"}],"replies":[{"embeddable":true,"href":"https:\/\/vdvphotographics.com\/wp-json\/wp\/v2\/comments?post=314"}],"version-history":[{"count":5,"href":"https:\/\/vdvphotographics.com\/wp-json\/wp\/v2\/posts\/314\/revisions"}],"predecessor-version":[{"id":500,"href":"https:\/\/vdvphotographics.com\/wp-json\/wp\/v2\/posts\/314\/revisions\/500"}],"wp:featuredmedia":[{"embeddable":true,"href":"https:\/\/vdvphotographics.com\/wp-json\/wp\/v2\/media\/19"}],"wp:attachment":[{"href":"https:\/\/vdvphotographics.com\/wp-json\/wp\/v2\/media?parent=314"}],"wp:term":[{"taxonomy":"category","embeddable":true,"href":"https:\/\/vdvphotographics.com\/wp-json\/wp\/v2\/categories?post=314"},{"taxonomy":"post_tag","embeddable":true,"href":"https:\/\/vdvphotographics.com\/wp-json\/wp\/v2\/tags?post=314"}],"curies":[{"name":"wp","href":"https:\/\/api.w.org\/{rel}","templated":true}]}}